{"id":1620,"date":"2025-09-14T21:23:11","date_gmt":"2025-09-15T04:23:11","guid":{"rendered":"https:\/\/catalystsystem.net\/sp\/?p=1620"},"modified":"2025-10-01T16:42:46","modified_gmt":"2025-10-01T23:42:46","slug":"el-factor-humano","status":"publish","type":"post","link":"https:\/\/catalystsystem.net\/sp\/el-factor-humano\/","title":{"rendered":"El Factor Humano"},"content":{"rendered":"<div id=\"pl-1620\"  class=\"panel-layout\" ><div id=\"pg-1620-0\"  class=\"panel-grid panel-has-style\" ><div class=\"panel-row-style panel-row-style-for-1620-0\" ><div id=\"pgc-1620-0-0\"  class=\"panel-grid-cell\" ><div id=\"panel-1620-0-0-0\" class=\"so-panel widget widget_sow-editor panel-first-child panel-last-child\" data-index=\"0\" ><div\n\t\t\t\n\t\t\tclass=\"so-widget-sow-editor so-widget-sow-editor-base\"\n\t\t\t\n\t\t>\n<div class=\"siteorigin-widget-tinymce textwidget\">\n\t<p><span class=\"so-premium-web-font\" style=\"font-family: 'Montserrat'; color: #224370;\" data-web-font-module=\"google\" data-font-info=\"{&quot;font&quot;:&quot;Montserrat&quot;,&quot;webfont&quot;:true,&quot;variant&quot;:&quot;regular&quot;,&quot;module&quot;:&quot;google&quot;}\">La comunicaci\u00f3n es fundamental en nuestras interacciones diarias; es el medio que nos conecta con nuestro entorno. M\u00e1s all\u00e1 de ser una simple acci\u00f3n descriptiva, su prop\u00f3sito es transferir ideas y provocar cambios en la actitud y conducta de los participantes. En el entorno organizacional, todos los procesos giran en torno a la comunicaci\u00f3n, la cual se sustenta en dos factores clave: el factor humano y el lenguaje.<\/span><\/p>\n<p><span class=\"so-premium-web-font\" style=\"font-family: 'Montserrat'; color: #224370;\" data-web-font-module=\"google\" data-font-info=\"{&quot;font&quot;:&quot;Montserrat&quot;,&quot;webfont&quot;:true,&quot;variant&quot;:&quot;regular&quot;,&quot;module&quot;:&quot;google&quot;}\"><strong>El Factor Humano<\/strong><\/span><\/p>\n<p><span class=\"so-premium-web-font\" style=\"font-family: 'Montserrat'; color: #224370;\" data-web-font-module=\"google\" data-font-info=\"{&quot;font&quot;:&quot;Montserrat&quot;,&quot;webfont&quot;:true,&quot;variant&quot;:&quot;regular&quot;,&quot;module&quot;:&quot;google&quot;}\">Cada persona trae consigo sus propias creencias, motivaciones y actitudes, influidas por su historia personal, familiares, amigos, escuela, cultura y entorno. Estas creencias, aunque dif\u00edciles de cambiar, pueden evolucionar con nueva informaci\u00f3n. Esto implica que dos personas pueden interpretar el mismo asunto de manera diferente, dependiendo de sus creencias y la informaci\u00f3n que poseen. Las creencias, basadas en datos cognitivos, pueden generar prejuicios y rigidez.<\/span><\/p>\n<p><span class=\"so-premium-web-font\" style=\"font-family: 'Montserrat'; color: #224370;\" data-web-font-module=\"google\" data-font-info=\"{&quot;font&quot;:&quot;Montserrat&quot;,&quot;webfont&quot;:true,&quot;variant&quot;:&quot;regular&quot;,&quot;module&quot;:&quot;google&quot;}\">Las creencias y la informaci\u00f3n se combinan para formar actitudes, resultado de la interacci\u00f3n entre sentimientos, emociones y memoria. Las actitudes determinan c\u00f3mo reaccionamos a situaciones basadas en nuestras experiencias previas. Modificar actitudes es m\u00e1s factible que cambiar patrones de comportamiento completos.<\/span><\/p>\n<p><span class=\"so-premium-web-font\" style=\"font-family: 'Montserrat'; color: #224370;\" data-web-font-module=\"google\" data-font-info=\"{&quot;font&quot;:&quot;Montserrat&quot;,&quot;webfont&quot;:true,&quot;variant&quot;:&quot;regular&quot;,&quot;module&quot;:&quot;google&quot;}\"><strong>El Poder de las Emociones<\/strong><\/span><\/p>\n<p><span class=\"so-premium-web-font\" style=\"font-family: 'Montserrat'; color: #224370;\" data-web-font-module=\"google\" data-font-info=\"{&quot;font&quot;:&quot;Montserrat&quot;,&quot;webfont&quot;:true,&quot;variant&quot;:&quot;regular&quot;,&quot;module&quot;:&quot;google&quot;}\">Los sentimientos, motivaciones internas, dirigen nuestras emociones, que a su vez hacen visibles nuestras actitudes y creencias. Las emociones, como fuerzas activas, nos permiten interpretar sentimientos y creencias a trav\u00e9s del comportamiento observable.<\/span><\/p>\n<p><span class=\"so-premium-web-font\" style=\"font-family: 'Montserrat'; color: #224370;\" data-web-font-module=\"google\" data-font-info=\"{&quot;font&quot;:&quot;Montserrat&quot;,&quot;webfont&quot;:true,&quot;variant&quot;:&quot;regular&quot;,&quot;module&quot;:&quot;google&quot;}\"><strong>La Comunicaci\u00f3n: M\u00e1s All\u00e1 de las Palabras<\/strong><\/span><\/p>\n<p><span class=\"so-premium-web-font\" style=\"font-family: 'Montserrat'; color: #224370;\" data-web-font-module=\"google\" data-font-info=\"{&quot;font&quot;:&quot;Montserrat&quot;,&quot;webfont&quot;:true,&quot;variant&quot;:&quot;regular&quot;,&quot;module&quot;:&quot;google&quot;}\">La comunicaci\u00f3n efectiva va m\u00e1s all\u00e1 de las palabras. Seg\u00fan expertos, el 55% de nuestras interacciones se transmiten a trav\u00e9s del lenguaje corporal, el 38% mediante el tono de voz y solo el 7% restante a trav\u00e9s de las palabras. Para ser eficaces, necesitamos generar un \u201cest\u00edmulo\u201d que altere la conducta de las personas. Este est\u00edmulo genera una respuesta que puede clasificarse como sensaci\u00f3n o percepci\u00f3n. La sensaci\u00f3n es una respuesta incompleta, mientras que la percepci\u00f3n implica comprender el est\u00edmulo en su totalidad.<\/span><\/p>\n<p><span class=\"so-premium-web-font\" style=\"font-family: 'Montserrat'; color: #224370;\" data-web-font-module=\"google\" data-font-info=\"{&quot;font&quot;:&quot;Montserrat&quot;,&quot;webfont&quot;:true,&quot;variant&quot;:&quot;regular&quot;,&quot;module&quot;:&quot;google&quot;}\"><strong>Motivaci\u00f3n y Cambio de Conducta<\/strong><\/span><\/p>\n<p><span class=\"so-premium-web-font\" style=\"font-family: 'Montserrat'; color: #224370;\" data-web-font-module=\"google\" data-font-info=\"{&quot;font&quot;:&quot;Montserrat&quot;,&quot;webfont&quot;:true,&quot;variant&quot;:&quot;regular&quot;,&quot;module&quot;:&quot;google&quot;}\">Para lograr una respuesta o percepci\u00f3n positiva, debemos afectar no solo la comprensi\u00f3n intelectual, sino tambi\u00e9n los sentimientos y emociones, lo que nos acerca a la motivaci\u00f3n. Una comunicaci\u00f3n efectiva con alto grado de motivaci\u00f3n puede modificar la conducta, movilizando a las personas m\u00e1s all\u00e1 de una simple comprensi\u00f3n.<\/span><\/p>\n<p><span class=\"so-premium-web-font\" style=\"font-family: 'Montserrat'; color: #224370;\" data-web-font-module=\"google\" data-font-info=\"{&quot;font&quot;:&quot;Montserrat&quot;,&quot;webfont&quot;:true,&quot;variant&quot;:&quot;regular&quot;,&quot;module&quot;:&quot;google&quot;}\"><strong>Respuesta Reactiva vs. Respuesta Proactiva<\/strong><\/span><\/p>\n<p><span class=\"so-premium-web-font\" style=\"font-family: 'Montserrat'; color: #224370;\" data-web-font-module=\"google\" data-font-info=\"{&quot;font&quot;:&quot;Montserrat&quot;,&quot;webfont&quot;:true,&quot;variant&quot;:&quot;regular&quot;,&quot;module&quot;:&quot;google&quot;}\">En la comunicaci\u00f3n, las respuestas finales pueden ser reactivas o proactivas. Como emisores, debemos entrenarnos para ser proactivos, fomentando relaciones de comunicaci\u00f3n positivas. Esto requiere dos elementos clave: el conocimiento emocional y la capacitaci\u00f3n.<\/span><\/p>\n<ol>\n<li><span class=\"so-premium-web-font\" style=\"font-family: 'Montserrat'; color: #224370;\" data-web-font-module=\"google\" data-font-info=\"{&quot;font&quot;:&quot;Montserrat&quot;,&quot;webfont&quot;:true,&quot;variant&quot;:&quot;regular&quot;,&quot;module&quot;:&quot;google&quot;}\"><strong>Conocimiento Emocional:<\/strong> Desarrolla sensibilidad hacia las personas a las que te diriges, comprendiendo sus sentimientos y reacciones.<\/span><\/li>\n<li><span class=\"so-premium-web-font\" style=\"font-family: 'Montserrat'; color: #224370;\" data-web-font-module=\"google\" data-font-info=\"{&quot;font&quot;:&quot;Montserrat&quot;,&quot;webfont&quot;:true,&quot;variant&quot;:&quot;regular&quot;,&quot;module&quot;:&quot;google&quot;}\"><strong>Capacitaci\u00f3n y Autoconocimiento:<\/strong> Con\u00f3cete a ti mismo, desarrolla disciplina y liderazgo personal. Solo as\u00ed seremos eficientes en nuestras interacciones comunicativas.<\/span><\/li>\n<\/ol>\n<p><span class=\"so-premium-web-font\" style=\"font-family: 'Montserrat'; color: #224370;\" data-web-font-module=\"google\" data-font-info=\"{&quot;font&quot;:&quot;Montserrat&quot;,&quot;webfont&quot;:true,&quot;variant&quot;:&quot;regular&quot;,&quot;module&quot;:&quot;google&quot;}\"><strong>Conclusi\u00f3n<\/strong><\/span><\/p>\n<p><span class=\"so-premium-web-font\" style=\"font-family: 'Montserrat'; color: #224370;\" data-web-font-module=\"google\" data-font-info=\"{&quot;font&quot;:&quot;Montserrat&quot;,&quot;webfont&quot;:true,&quot;variant&quot;:&quot;regular&quot;,&quot;module&quot;:&quot;google&quot;}\">Como seres relacionales, necesitamos comunicarnos de manera aut\u00e9ntica, considerando lo que vemos, sentimos y escuchamos. Este enfoque es esencial para generar respuestas motivadoras. Invierte en tu desarrollo emocional y profesional para transformar tus interacciones en experiencias significativas y proactivas.<\/span><\/p>\n<\/div>\n<\/div><\/div><\/div><\/div><\/div><\/div>","protected":false},"excerpt":{"rendered":"<p>La comunicaci\u00f3n es fundamental en nuestras interacciones diarias; es el medio que nos conecta con nuestro entorno. M\u00e1s all\u00e1 de ser una simple acci\u00f3n descriptiva, su prop\u00f3sito es transferir ideas y provocar cambios en la actitud y conducta de los participantes. En el entorno organizacional, todos los procesos giran en torno a la comunicaci\u00f3n, la &hellip;<\/p>\n","protected":false},"author":1,"featured_media":1621,"comment_status":"open","ping_status":"open","sticky":false,"template":"","format":"standard","meta":{"_acf_changed":false,"footnotes":""},"categories":[11],"tags":[],"class_list":{"0":"post-1620","1":"post","2":"type-post","3":"status-publish","4":"format-standard","5":"has-post-thumbnail","7":"category-articulos","8":"clearfix","9":"article"},"acf":[],"yoast_head":"<!-- This site is optimized with the Yoast SEO plugin v27.2 - https:\/\/yoast.com\/product\/yoast-seo-wordpress\/ -->\n<title>El Factor Humano - CSC<\/title>\n<meta name=\"robots\" content=\"index, follow, max-snippet:-1, max-image-preview:large, max-video-preview:-1\" \/>\n<link rel=\"canonical\" href=\"https:\/\/catalystsystem.net\/sp\/el-factor-humano\/\" \/>\n<meta property=\"og:locale\" content=\"es_ES\" \/>\n<meta property=\"og:type\" content=\"article\" \/>\n<meta property=\"og:title\" content=\"El factor humano en la comunicaci\u00f3n\" \/>\n<meta property=\"og:description\" content=\"La comunicaci\u00f3n es fundamental en nuestras interacciones diarias; es el medio que nos conecta con nuestro entorno. M\u00e1s all\u00e1 de ser una simple acci\u00f3n descriptiva, su prop\u00f3sito es transferir ideas y provocar cambios en la actitud y conducta de los participantes. En el entorno organizacional, todos los procesos giran en torno a la comunicaci\u00f3n, la cual se sustenta en dos factores clave: el factor humano y el lenguaje.\" \/>\n<meta property=\"og:url\" content=\"https:\/\/catalystsystem.net\/sp\/el-factor-humano\/\" \/>\n<meta property=\"og:site_name\" content=\"CSC\" \/>\n<meta property=\"article:published_time\" content=\"2025-09-15T04:23:11+00:00\" \/>\n<meta property=\"article:modified_time\" content=\"2025-10-01T23:42:46+00:00\" \/>\n<meta property=\"og:image\" content=\"https:\/\/catalystsystem.net\/sp\/wp-content\/uploads\/2025\/09\/comunicacion2-2048x1855-1.png\" \/>\n\t<meta property=\"og:image:width\" content=\"2048\" \/>\n\t<meta property=\"og:image:height\" content=\"1855\" \/>\n\t<meta property=\"og:image:type\" content=\"image\/png\" \/>\n<meta name=\"author\" content=\"csc\" \/>\n<meta name=\"twitter:card\" content=\"summary_large_image\" \/>\n<meta name=\"twitter:label1\" content=\"Escrito por\" \/>\n\t<meta name=\"twitter:data1\" content=\"csc\" \/>\n\t<meta name=\"twitter:label2\" content=\"Tiempo de lectura\" \/>\n\t<meta name=\"twitter:data2\" content=\"3 minutos\" \/>\n<script type=\"application\/ld+json\" class=\"yoast-schema-graph\">{\"@context\":\"https:\/\/schema.org\",\"@graph\":[{\"@type\":\"Article\",\"@id\":\"https:\/\/catalystsystem.net\/sp\/el-factor-humano\/#article\",\"isPartOf\":{\"@id\":\"https:\/\/catalystsystem.net\/sp\/el-factor-humano\/\"},\"author\":{\"name\":\"csc\",\"@id\":\"https:\/\/catalystsystem.net\/sp\/#\/schema\/person\/a80f8d5da9a7dbd4bd3b79d20fe2d15a\"},\"headline\":\"El Factor Humano\",\"datePublished\":\"2025-09-15T04:23:11+00:00\",\"dateModified\":\"2025-10-01T23:42:46+00:00\",\"mainEntityOfPage\":{\"@id\":\"https:\/\/catalystsystem.net\/sp\/el-factor-humano\/\"},\"wordCount\":519,\"commentCount\":0,\"image\":{\"@id\":\"https:\/\/catalystsystem.net\/sp\/el-factor-humano\/#primaryimage\"},\"thumbnailUrl\":\"https:\/\/catalystsystem.net\/sp\/wp-content\/uploads\/2025\/09\/comunicacion2-2048x1855-1.png\",\"articleSection\":[\"ART\u00cdCULOS\"],\"inLanguage\":\"es\",\"potentialAction\":[{\"@type\":\"CommentAction\",\"name\":\"Comment\",\"target\":[\"https:\/\/catalystsystem.net\/sp\/el-factor-humano\/#respond\"]}]},{\"@type\":\"WebPage\",\"@id\":\"https:\/\/catalystsystem.net\/sp\/el-factor-humano\/\",\"url\":\"https:\/\/catalystsystem.net\/sp\/el-factor-humano\/\",\"name\":\"El Factor Humano - CSC\",\"isPartOf\":{\"@id\":\"https:\/\/catalystsystem.net\/sp\/#website\"},\"primaryImageOfPage\":{\"@id\":\"https:\/\/catalystsystem.net\/sp\/el-factor-humano\/#primaryimage\"},\"image\":{\"@id\":\"https:\/\/catalystsystem.net\/sp\/el-factor-humano\/#primaryimage\"},\"thumbnailUrl\":\"https:\/\/catalystsystem.net\/sp\/wp-content\/uploads\/2025\/09\/comunicacion2-2048x1855-1.png\",\"datePublished\":\"2025-09-15T04:23:11+00:00\",\"dateModified\":\"2025-10-01T23:42:46+00:00\",\"author\":{\"@id\":\"https:\/\/catalystsystem.net\/sp\/#\/schema\/person\/a80f8d5da9a7dbd4bd3b79d20fe2d15a\"},\"breadcrumb\":{\"@id\":\"https:\/\/catalystsystem.net\/sp\/el-factor-humano\/#breadcrumb\"},\"inLanguage\":\"es\",\"potentialAction\":[{\"@type\":\"ReadAction\",\"target\":[\"https:\/\/catalystsystem.net\/sp\/el-factor-humano\/\"]}]},{\"@type\":\"ImageObject\",\"inLanguage\":\"es\",\"@id\":\"https:\/\/catalystsystem.net\/sp\/el-factor-humano\/#primaryimage\",\"url\":\"https:\/\/catalystsystem.net\/sp\/wp-content\/uploads\/2025\/09\/comunicacion2-2048x1855-1.png\",\"contentUrl\":\"https:\/\/catalystsystem.net\/sp\/wp-content\/uploads\/2025\/09\/comunicacion2-2048x1855-1.png\",\"width\":2048,\"height\":1855,\"caption\":\"El factor humano en la comunicaci\u00f3n\"},{\"@type\":\"BreadcrumbList\",\"@id\":\"https:\/\/catalystsystem.net\/sp\/el-factor-humano\/#breadcrumb\",\"itemListElement\":[{\"@type\":\"ListItem\",\"position\":1,\"name\":\"Portada\",\"item\":\"https:\/\/catalystsystem.net\/sp\/\"},{\"@type\":\"ListItem\",\"position\":2,\"name\":\"El Factor Humano\"}]},{\"@type\":\"WebSite\",\"@id\":\"https:\/\/catalystsystem.net\/sp\/#website\",\"url\":\"https:\/\/catalystsystem.net\/sp\/\",\"name\":\"Catalyst System Consulting\",\"description\":\"Acompa\u00f1ar a l\u00edderes, equipos y organizaciones en el desarrollo de su m\u00e1ximo potencial, integrando coaching, consultor\u00eda, marketing, dise\u00f1o y tecnolog\u00eda\",\"alternateName\":\"CSC\",\"potentialAction\":[{\"@type\":\"SearchAction\",\"target\":{\"@type\":\"EntryPoint\",\"urlTemplate\":\"https:\/\/catalystsystem.net\/sp\/?s={search_term_string}\"},\"query-input\":{\"@type\":\"PropertyValueSpecification\",\"valueRequired\":true,\"valueName\":\"search_term_string\"}}],\"inLanguage\":\"es\"},{\"@type\":\"Person\",\"@id\":\"https:\/\/catalystsystem.net\/sp\/#\/schema\/person\/a80f8d5da9a7dbd4bd3b79d20fe2d15a\",\"name\":\"csc\",\"image\":{\"@type\":\"ImageObject\",\"inLanguage\":\"es\",\"@id\":\"https:\/\/secure.gravatar.com\/avatar\/b9abb5fa033eef859976a782cc4a7c46cf8994b190f82c0daf12406d3a7e8d6b?s=96&d=mm&r=g\",\"url\":\"https:\/\/secure.gravatar.com\/avatar\/b9abb5fa033eef859976a782cc4a7c46cf8994b190f82c0daf12406d3a7e8d6b?s=96&d=mm&r=g\",\"contentUrl\":\"https:\/\/secure.gravatar.com\/avatar\/b9abb5fa033eef859976a782cc4a7c46cf8994b190f82c0daf12406d3a7e8d6b?s=96&d=mm&r=g\",\"caption\":\"csc\"},\"sameAs\":[\"https:\/\/catalystsystem.net\/sp\"],\"url\":\"https:\/\/catalystsystem.net\/sp\/author\/csc\/\"}]}<\/script>\n<!-- \/ Yoast SEO plugin. -->","yoast_head_json":{"title":"El Factor Humano - CSC","robots":{"index":"index","follow":"follow","max-snippet":"max-snippet:-1","max-image-preview":"max-image-preview:large","max-video-preview":"max-video-preview:-1"},"canonical":"https:\/\/catalystsystem.net\/sp\/el-factor-humano\/","og_locale":"es_ES","og_type":"article","og_title":"El factor humano en la comunicaci\u00f3n","og_description":"La comunicaci\u00f3n es fundamental en nuestras interacciones diarias; es el medio que nos conecta con nuestro entorno. M\u00e1s all\u00e1 de ser una simple acci\u00f3n descriptiva, su prop\u00f3sito es transferir ideas y provocar cambios en la actitud y conducta de los participantes. En el entorno organizacional, todos los procesos giran en torno a la comunicaci\u00f3n, la cual se sustenta en dos factores clave: el factor humano y el lenguaje.","og_url":"https:\/\/catalystsystem.net\/sp\/el-factor-humano\/","og_site_name":"CSC","article_published_time":"2025-09-15T04:23:11+00:00","article_modified_time":"2025-10-01T23:42:46+00:00","og_image":[{"width":2048,"height":1855,"url":"https:\/\/catalystsystem.net\/sp\/wp-content\/uploads\/2025\/09\/comunicacion2-2048x1855-1.png","type":"image\/png"}],"author":"csc","twitter_card":"summary_large_image","twitter_misc":{"Escrito por":"csc","Tiempo de lectura":"3 minutos"},"schema":{"@context":"https:\/\/schema.org","@graph":[{"@type":"Article","@id":"https:\/\/catalystsystem.net\/sp\/el-factor-humano\/#article","isPartOf":{"@id":"https:\/\/catalystsystem.net\/sp\/el-factor-humano\/"},"author":{"name":"csc","@id":"https:\/\/catalystsystem.net\/sp\/#\/schema\/person\/a80f8d5da9a7dbd4bd3b79d20fe2d15a"},"headline":"El Factor Humano","datePublished":"2025-09-15T04:23:11+00:00","dateModified":"2025-10-01T23:42:46+00:00","mainEntityOfPage":{"@id":"https:\/\/catalystsystem.net\/sp\/el-factor-humano\/"},"wordCount":519,"commentCount":0,"image":{"@id":"https:\/\/catalystsystem.net\/sp\/el-factor-humano\/#primaryimage"},"thumbnailUrl":"https:\/\/catalystsystem.net\/sp\/wp-content\/uploads\/2025\/09\/comunicacion2-2048x1855-1.png","articleSection":["ART\u00cdCULOS"],"inLanguage":"es","potentialAction":[{"@type":"CommentAction","name":"Comment","target":["https:\/\/catalystsystem.net\/sp\/el-factor-humano\/#respond"]}]},{"@type":"WebPage","@id":"https:\/\/catalystsystem.net\/sp\/el-factor-humano\/","url":"https:\/\/catalystsystem.net\/sp\/el-factor-humano\/","name":"El Factor Humano - CSC","isPartOf":{"@id":"https:\/\/catalystsystem.net\/sp\/#website"},"primaryImageOfPage":{"@id":"https:\/\/catalystsystem.net\/sp\/el-factor-humano\/#primaryimage"},"image":{"@id":"https:\/\/catalystsystem.net\/sp\/el-factor-humano\/#primaryimage"},"thumbnailUrl":"https:\/\/catalystsystem.net\/sp\/wp-content\/uploads\/2025\/09\/comunicacion2-2048x1855-1.png","datePublished":"2025-09-15T04:23:11+00:00","dateModified":"2025-10-01T23:42:46+00:00","author":{"@id":"https:\/\/catalystsystem.net\/sp\/#\/schema\/person\/a80f8d5da9a7dbd4bd3b79d20fe2d15a"},"breadcrumb":{"@id":"https:\/\/catalystsystem.net\/sp\/el-factor-humano\/#breadcrumb"},"inLanguage":"es","potentialAction":[{"@type":"ReadAction","target":["https:\/\/catalystsystem.net\/sp\/el-factor-humano\/"]}]},{"@type":"ImageObject","inLanguage":"es","@id":"https:\/\/catalystsystem.net\/sp\/el-factor-humano\/#primaryimage","url":"https:\/\/catalystsystem.net\/sp\/wp-content\/uploads\/2025\/09\/comunicacion2-2048x1855-1.png","contentUrl":"https:\/\/catalystsystem.net\/sp\/wp-content\/uploads\/2025\/09\/comunicacion2-2048x1855-1.png","width":2048,"height":1855,"caption":"El factor humano en la comunicaci\u00f3n"},{"@type":"BreadcrumbList","@id":"https:\/\/catalystsystem.net\/sp\/el-factor-humano\/#breadcrumb","itemListElement":[{"@type":"ListItem","position":1,"name":"Portada","item":"https:\/\/catalystsystem.net\/sp\/"},{"@type":"ListItem","position":2,"name":"El Factor Humano"}]},{"@type":"WebSite","@id":"https:\/\/catalystsystem.net\/sp\/#website","url":"https:\/\/catalystsystem.net\/sp\/","name":"Catalyst System Consulting","description":"Acompa\u00f1ar a l\u00edderes, equipos y organizaciones en el desarrollo de su m\u00e1ximo potencial, integrando coaching, consultor\u00eda, marketing, dise\u00f1o y tecnolog\u00eda","alternateName":"CSC","potentialAction":[{"@type":"SearchAction","target":{"@type":"EntryPoint","urlTemplate":"https:\/\/catalystsystem.net\/sp\/?s={search_term_string}"},"query-input":{"@type":"PropertyValueSpecification","valueRequired":true,"valueName":"search_term_string"}}],"inLanguage":"es"},{"@type":"Person","@id":"https:\/\/catalystsystem.net\/sp\/#\/schema\/person\/a80f8d5da9a7dbd4bd3b79d20fe2d15a","name":"csc","image":{"@type":"ImageObject","inLanguage":"es","@id":"https:\/\/secure.gravatar.com\/avatar\/b9abb5fa033eef859976a782cc4a7c46cf8994b190f82c0daf12406d3a7e8d6b?s=96&d=mm&r=g","url":"https:\/\/secure.gravatar.com\/avatar\/b9abb5fa033eef859976a782cc4a7c46cf8994b190f82c0daf12406d3a7e8d6b?s=96&d=mm&r=g","contentUrl":"https:\/\/secure.gravatar.com\/avatar\/b9abb5fa033eef859976a782cc4a7c46cf8994b190f82c0daf12406d3a7e8d6b?s=96&d=mm&r=g","caption":"csc"},"sameAs":["https:\/\/catalystsystem.net\/sp"],"url":"https:\/\/catalystsystem.net\/sp\/author\/csc\/"}]}},"_links":{"self":[{"href":"https:\/\/catalystsystem.net\/sp\/wp-json\/wp\/v2\/posts\/1620","targetHints":{"allow":["GET"]}}],"collection":[{"href":"https:\/\/catalystsystem.net\/sp\/wp-json\/wp\/v2\/posts"}],"about":[{"href":"https:\/\/catalystsystem.net\/sp\/wp-json\/wp\/v2\/types\/post"}],"author":[{"embeddable":true,"href":"https:\/\/catalystsystem.net\/sp\/wp-json\/wp\/v2\/users\/1"}],"replies":[{"embeddable":true,"href":"https:\/\/catalystsystem.net\/sp\/wp-json\/wp\/v2\/comments?post=1620"}],"version-history":[{"count":9,"href":"https:\/\/catalystsystem.net\/sp\/wp-json\/wp\/v2\/posts\/1620\/revisions"}],"predecessor-version":[{"id":1972,"href":"https:\/\/catalystsystem.net\/sp\/wp-json\/wp\/v2\/posts\/1620\/revisions\/1972"}],"wp:featuredmedia":[{"embeddable":true,"href":"https:\/\/catalystsystem.net\/sp\/wp-json\/wp\/v2\/media\/1621"}],"wp:attachment":[{"href":"https:\/\/catalystsystem.net\/sp\/wp-json\/wp\/v2\/media?parent=1620"}],"wp:term":[{"taxonomy":"category","embeddable":true,"href":"https:\/\/catalystsystem.net\/sp\/wp-json\/wp\/v2\/categories?post=1620"},{"taxonomy":"post_tag","embeddable":true,"href":"https:\/\/catalystsystem.net\/sp\/wp-json\/wp\/v2\/tags?post=1620"}],"curies":[{"name":"wp","href":"https:\/\/api.w.org\/{rel}","templated":true}]}}