{"id":2079,"date":"2025-10-05T13:09:30","date_gmt":"2025-10-05T20:09:30","guid":{"rendered":"https:\/\/catalystsystem.net\/sp\/?p=2079"},"modified":"2025-10-05T13:09:30","modified_gmt":"2025-10-05T20:09:30","slug":"aceptacion-afectiva-y-efectiva","status":"publish","type":"post","link":"https:\/\/catalystsystem.net\/sp\/aceptacion-afectiva-y-efectiva\/","title":{"rendered":"Aceptaci\u00f3n afectiva y efectiva"},"content":{"rendered":"<div id=\"pl-2079\"  class=\"panel-layout\" ><div id=\"pg-2079-0\"  class=\"panel-grid panel-no-style\" ><div id=\"pgc-2079-0-0\"  class=\"panel-grid-cell\" ><div id=\"panel-2079-0-0-0\" class=\"so-panel widget widget_sow-headline panel-first-child\" data-index=\"0\" ><div\n\t\t\t\n\t\t\tclass=\"so-widget-sow-headline so-widget-sow-headline-default-30c91f803a37-2079\"\n\t\t\t\n\t\t><div class=\"sow-headline-container \">\n\t\t\t\t\t\t\t<h2 class=\"sow-headline\">\n\t\t\t\t\t\tAceptaci\u00f3n efectiva y afectiva\t\t\t\t\t\t<\/h2>\n\t\t\t\t\t\t\t\t\t\t\t<div class=\"decoration\">\n\t\t\t\t\t\t<div class=\"decoration-inside\"><\/div>\n\t\t\t\t\t<\/div>\n\t\t\t\t\t\t\t\t\t\t\t<h3 class=\"sow-sub-headline\">\n\t\t\t\t\t\t\u00a1Qu\u00e9 la aceptaci\u00f3n sea tu fuerza!\t\t\t\t\t\t<\/h3>\n\t\t\t\t\t\t<\/div>\n<\/div><\/div><div id=\"panel-2079-0-0-1\" class=\"so-panel widget widget_sow-editor panel-last-child\" data-index=\"1\" ><div\n\t\t\t\n\t\t\tclass=\"so-widget-sow-editor so-widget-sow-editor-base\"\n\t\t\t\n\t\t>\n<div class=\"siteorigin-widget-tinymce textwidget\">\n\t<p><span class=\"so-premium-web-font\" style=\"font-family: 'Open Sans'; color: #224370;\" data-web-font-module=\"google\" data-font-info=\"{&quot;font&quot;:&quot;Open Sans&quot;,&quot;webfont&quot;:true,&quot;variant&quot;:&quot;regular&quot;,&quot;module&quot;:&quot;google&quot;}\">Hoy vamos con un tema que parece suavecito, pero que en realidad tiene el potencial de cambiarlo todo tener una aceptaci\u00f3n afectiva y efectiva en el trabajo. Esto no es solo una estrategia laboral, sino como acto de humanidad.<\/span><\/p>\n<p><span class=\"so-premium-web-font\" style=\"font-family: 'Open Sans'; color: #224370;\" data-web-font-module=\"google\" data-font-info=\"{&quot;font&quot;:&quot;Open Sans&quot;,&quot;webfont&quot;:true,&quot;variant&quot;:&quot;regular&quot;,&quot;module&quot;:&quot;google&quot;}\">Porque, seamos honestos, \u00bfqui\u00e9n no quiere sentirse aceptado?<\/span><\/p>\n<p><span class=\"so-premium-web-font\" style=\"font-family: 'Open Sans'; color: #224370;\" data-web-font-module=\"google\" data-font-info=\"{&quot;font&quot;:&quot;Open Sans&quot;,&quot;webfont&quot;:true,&quot;variant&quot;:&quot;regular&quot;,&quot;module&quot;:&quot;google&quot;}\">Comenzamos un lunes como cualquier otro, llegas al trabajo con la cabeza llena de ruido y el coraz\u00f3n un poco quebrado. Tal vez dormiste mal, discutiste con alguien que amas, o simplemente est\u00e1s cansado de fingir que \u201ctodo est\u00e1 Pura Vida como decimos los ticos\u201d. Y ah\u00ed est\u00e1s, cumpliendo con tus tareas, con tu caf\u00e9 a medias y tu alma un poco disminuida.<\/span><\/p>\n<p><span class=\"so-premium-web-font\" style=\"font-family: 'Open Sans'; color: #224370;\" data-web-font-module=\"google\" data-font-info=\"{&quot;font&quot;:&quot;Open Sans&quot;,&quot;webfont&quot;:true,&quot;variant&quot;:&quot;regular&quot;,&quot;module&quot;:&quot;google&quot;}\">Pero entonces pasa algo sencillo. Alguien te mira con respeto. Te escucha sin prisa. Sin juicio. Y t\u00fa\u2026 te sientes visto.<\/span><\/p>\n<p><span class=\"so-premium-web-font\" style=\"font-family: 'Open Sans'; color: #224370;\" data-web-font-module=\"google\" data-font-info=\"{&quot;font&quot;:&quot;Open Sans&quot;,&quot;webfont&quot;:true,&quot;variant&quot;:&quot;regular&quot;,&quot;module&quot;:&quot;google&quot;}\">Eso. Eso es aceptaci\u00f3n.<\/span><br \/>\n<span class=\"so-premium-web-font\" style=\"font-family: 'Open Sans'; color: #224370;\" data-web-font-module=\"google\" data-font-info=\"{&quot;font&quot;:&quot;Open Sans&quot;,&quot;webfont&quot;:true,&quot;variant&quot;:&quot;regular&quot;,&quot;module&quot;:&quot;google&quot;}\">Y eso, en el mundo del trabajo, es oro emocional.<\/span><\/p>\n<p><span class=\"so-premium-web-font\" style=\"font-family: 'Open Sans'; color: #224370;\" data-web-font-module=\"google\" data-font-info=\"{&quot;font&quot;:&quot;Open Sans&quot;,&quot;webfont&quot;:true,&quot;variant&quot;:&quot;regular&quot;,&quot;module&quot;:&quot;google&quot;}\"><strong>La aceptaci\u00f3n comienza en ti<\/strong><\/span><\/p>\n<p><span class=\"so-premium-web-font\" style=\"font-family: 'Open Sans'; color: #224370;\" data-web-font-module=\"google\" data-font-info=\"{&quot;font&quot;:&quot;Open Sans&quot;,&quot;webfont&quot;:true,&quot;variant&quot;:&quot;regular&quot;,&quot;module&quot;:&quot;google&quot;}\">No, no es frase de taza de caf\u00e9. Es el principio de todo.<\/span><\/p>\n<p><span class=\"so-premium-web-font\" style=\"font-family: 'Open Sans'; color: #224370;\" data-web-font-module=\"google\" data-font-info=\"{&quot;font&quot;:&quot;Open Sans&quot;,&quot;webfont&quot;:true,&quot;variant&quot;:&quot;regular&quot;,&quot;module&quot;:&quot;google&quot;}\">Si t\u00fa no te das permiso de ser, de sentir, de equivocarte\u2026 no hay autenticidad que sobreviva. Y si no hay autenticidad, lo que llamamos \u201crelaci\u00f3n laboral\u201d se convierte en un teatro muy bien iluminado, pero vac\u00edo por dentro.<\/span><\/p>\n<p><span class=\"so-premium-web-font\" style=\"font-family: 'Open Sans'; color: #224370;\" data-web-font-module=\"google\" data-font-info=\"{&quot;font&quot;:&quot;Open Sans&quot;,&quot;webfont&quot;:true,&quot;variant&quot;:&quot;regular&quot;,&quot;module&quot;:&quot;google&quot;}\">Y claro, a veces se nos hace dif\u00edcil aceptarnos porque alguien, en alg\u00fan momento \u2014alguien que nos importaba mucho\u2014 no pudo aceptar partes de nosotros. Tal vez esa voz todav\u00eda suena en tu cabeza: \u201cno deber\u00edas ser as\u00ed\u201d, \u201cno es suficiente\u201d, \u201cmejor c\u00e1mbialo\u201d.<\/span><\/p>\n<p><span class=\"so-premium-web-font\" style=\"font-family: 'Open Sans'; color: #224370;\" data-web-font-module=\"google\" data-font-info=\"{&quot;font&quot;:&quot;Open Sans&quot;,&quot;webfont&quot;:true,&quot;variant&quot;:&quot;regular&quot;,&quot;module&quot;:&quot;google&quot;}\">Y sin darnos cuenta, nos convertimos en nuestros propios jueces.<\/span><br \/>\n<span class=\"so-premium-web-font\" style=\"font-family: 'Open Sans'; color: #224370;\" data-web-font-module=\"google\" data-font-info=\"{&quot;font&quot;:&quot;Open Sans&quot;,&quot;webfont&quot;:true,&quot;variant&quot;:&quot;regular&quot;,&quot;module&quot;:&quot;google&quot;}\">\u00bfResultado? Perfeccionismo t\u00f3xico. M\u00e1scaras por todos lados. Un cansancio emocional que ni el viernes logra borrar.<\/span><\/p>\n<p><span class=\"so-premium-web-font\" style=\"font-family: 'Open Sans'; color: #224370;\" data-web-font-module=\"google\" data-font-info=\"{&quot;font&quot;:&quot;Open Sans&quot;,&quot;webfont&quot;:true,&quot;variant&quot;:&quot;regular&quot;,&quot;module&quot;:&quot;google&quot;}\">Pero t\u00fa no est\u00e1s aqu\u00ed para agradar. Est\u00e1s aqu\u00ed para ser.<\/span><br \/>\n<span class=\"so-premium-web-font\" style=\"font-family: 'Open Sans'; color: #224370;\" data-web-font-module=\"google\" data-font-info=\"{&quot;font&quot;:&quot;Open Sans&quot;,&quot;webfont&quot;:true,&quot;variant&quot;:&quot;regular&quot;,&quot;module&quot;:&quot;google&quot;}\">Y ser, con todo lo que eso implica, es tu superpoder.<\/span><\/p>\n<p><span class=\"so-premium-web-font\" style=\"font-family: 'Open Sans'; color: #224370;\" data-web-font-module=\"google\" data-font-info=\"{&quot;font&quot;:&quot;Open Sans&quot;,&quot;webfont&quot;:true,&quot;variant&quot;:&quot;regular&quot;,&quot;module&quot;:&quot;google&quot;}\"><strong>Aceptar no es resignarse, es comprender<\/strong><\/span><\/p>\n<p><span class=\"so-premium-web-font\" style=\"font-family: 'Open Sans'; color: #224370;\" data-web-font-module=\"google\" data-font-info=\"{&quot;font&quot;:&quot;Open Sans&quot;,&quot;webfont&quot;:true,&quot;variant&quot;:&quot;regular&quot;,&quot;module&quot;:&quot;google&quot;}\">Aceptar no es justificar lo que est\u00e1 mal, ni quedarse callado cuando algo duele.<\/span><\/p>\n<p><span class=\"so-premium-web-font\" style=\"font-family: 'Open Sans'; color: #224370;\" data-web-font-module=\"google\" data-font-info=\"{&quot;font&quot;:&quot;Open Sans&quot;,&quot;webfont&quot;:true,&quot;variant&quot;:&quot;regular&quot;,&quot;module&quot;:&quot;google&quot;}\">Aceptar es entender que cada persona tiene su propia historia, su mochila emocional, sus maneras de procesar la vida. Y cuando yo reconozco eso, dejo de querer \u201carreglar al otro\u201d para que encaje en mi molde.<\/span><\/p>\n<p><span class=\"so-premium-web-font\" style=\"font-family: 'Open Sans'; color: #224370;\" data-web-font-module=\"google\" data-font-info=\"{&quot;font&quot;:&quot;Open Sans&quot;,&quot;webfont&quot;:true,&quot;variant&quot;:&quot;regular&quot;,&quot;module&quot;:&quot;google&quot;}\">Acepto que somos distintos.<\/span><br \/>\n<span class=\"so-premium-web-font\" style=\"font-family: 'Open Sans'; color: #224370;\" data-web-font-module=\"google\" data-font-info=\"{&quot;font&quot;:&quot;Open Sans&quot;,&quot;webfont&quot;:true,&quot;variant&quot;:&quot;regular&quot;,&quot;module&quot;:&quot;google&quot;}\">Y que est\u00e1 bien.<\/span><br \/>\n<span class=\"so-premium-web-font\" style=\"font-family: 'Open Sans'; color: #224370;\" data-web-font-module=\"google\" data-font-info=\"{&quot;font&quot;:&quot;Open Sans&quot;,&quot;webfont&quot;:true,&quot;variant&quot;:&quot;regular&quot;,&quot;module&quot;:&quot;google&quot;}\">Y que, desde ah\u00ed, desde esa diferencia, podemos encontrarnos.<\/span><\/p>\n<p><span class=\"so-premium-web-font\" style=\"font-family: 'Open Sans'; color: #224370;\" data-web-font-module=\"google\" data-font-info=\"{&quot;font&quot;:&quot;Open Sans&quot;,&quot;webfont&quot;:true,&quot;variant&quot;:&quot;regular&quot;,&quot;module&quot;:&quot;google&quot;}\">Esto no elimina los desacuerdos. Pero s\u00ed los desactiva.<\/span><br \/>\n<span class=\"so-premium-web-font\" style=\"font-family: 'Open Sans'; color: #224370;\" data-web-font-module=\"google\" data-font-info=\"{&quot;font&quot;:&quot;Open Sans&quot;,&quot;webfont&quot;:true,&quot;variant&quot;:&quot;regular&quot;,&quot;module&quot;:&quot;google&quot;}\">Porque ya no se trata de ganar, sino de <strong>entender<\/strong>.<\/span><\/p>\n<p><span class=\"so-premium-web-font\" style=\"font-family: 'Open Sans'; color: #224370;\" data-web-font-module=\"google\" data-font-info=\"{&quot;font&quot;:&quot;Open Sans&quot;,&quot;webfont&quot;:true,&quot;variant&quot;:&quot;regular&quot;,&quot;module&quot;:&quot;google&quot;}\"><strong>Cultivar aceptaci\u00f3n en nuestros espacios \u00edntimos<\/strong><\/span><\/p>\n<p><span class=\"so-premium-web-font\" style=\"font-family: 'Open Sans'; color: #224370;\" data-web-font-module=\"google\" data-font-info=\"{&quot;font&quot;:&quot;Open Sans&quot;,&quot;webfont&quot;:true,&quot;variant&quot;:&quot;regular&quot;,&quot;module&quot;:&quot;google&quot;}\">Y cuando digo \u201c\u00edntimos\u201d no me refiero solo a pareja o familia.<\/span><br \/>\n<span class=\"so-premium-web-font\" style=\"font-family: 'Open Sans'; color: #224370;\" data-web-font-module=\"google\" data-font-info=\"{&quot;font&quot;:&quot;Open Sans&quot;,&quot;webfont&quot;:true,&quot;variant&quot;:&quot;regular&quot;,&quot;module&quot;:&quot;google&quot;}\">Me refiero a tu equipo. A tu colega que est\u00e1 a tres escritorios de distancia. A esa persona que ves todos los d\u00edas y con quien a veces se cruzan silencios inc\u00f3modos.<\/span><\/p>\n<p><span class=\"so-premium-web-font\" style=\"font-family: 'Open Sans'; color: #224370;\" data-web-font-module=\"google\" data-font-info=\"{&quot;font&quot;:&quot;Open Sans&quot;,&quot;webfont&quot;:true,&quot;variant&quot;:&quot;regular&quot;,&quot;module&quot;:&quot;google&quot;}\">La aceptaci\u00f3n se practica ah\u00ed. En lo cotidiano.<\/span><br \/>\n<span class=\"so-premium-web-font\" style=\"font-family: 'Open Sans'; color: #224370;\" data-web-font-module=\"google\" data-font-info=\"{&quot;font&quot;:&quot;Open Sans&quot;,&quot;webfont&quot;:true,&quot;variant&quot;:&quot;regular&quot;,&quot;module&quot;:&quot;google&quot;}\">Cuando alguien dice \u201choy me siento frustrado\u201d y t\u00fa no te apresuras a dar consejos, sino que simplemente dices: \u201cte escucho\u201d.<\/span><\/p>\n<p><span class=\"so-premium-web-font\" style=\"font-family: 'Open Sans'; color: #224370;\" data-web-font-module=\"google\" data-font-info=\"{&quot;font&quot;:&quot;Open Sans&quot;,&quot;webfont&quot;:true,&quot;variant&quot;:&quot;regular&quot;,&quot;module&quot;:&quot;google&quot;}\">Cuando alguien comete un error y en vez de se\u00f1alarlo con el dedo, preguntas:<\/span><br \/>\n<span class=\"so-premium-web-font\" style=\"font-family: 'Open Sans'; color: #224370;\" data-web-font-module=\"google\" data-font-info=\"{&quot;font&quot;:&quot;Open Sans&quot;,&quot;webfont&quot;:true,&quot;variant&quot;:&quot;regular&quot;,&quot;module&quot;:&quot;google&quot;}\"><strong>\u00bfc\u00f3mo podemos mejorar esto juntos?<\/strong><\/span><\/p>\n<p><span class=\"so-premium-web-font\" style=\"font-family: 'Open Sans'; color: #224370;\" data-web-font-module=\"google\" data-font-info=\"{&quot;font&quot;:&quot;Open Sans&quot;,&quot;webfont&quot;:true,&quot;variant&quot;:&quot;regular&quot;,&quot;module&quot;:&quot;google&quot;}\">Aceptar no es estar de acuerdo con todo.<\/span><br \/>\n<span class=\"so-premium-web-font\" style=\"font-family: 'Open Sans'; color: #224370;\" data-web-font-module=\"google\" data-font-info=\"{&quot;font&quot;:&quot;Open Sans&quot;,&quot;webfont&quot;:true,&quot;variant&quot;:&quot;regular&quot;,&quot;module&quot;:&quot;google&quot;}\">Es decidir que la relaci\u00f3n vale m\u00e1s que la necesidad de tener la raz\u00f3n.<\/span><\/p>\n<p><span class=\"so-premium-web-font\" style=\"font-family: 'Open Sans'; color: #224370;\" data-web-font-module=\"google\" data-font-info=\"{&quot;font&quot;:&quot;Open Sans&quot;,&quot;webfont&quot;:true,&quot;variant&quot;:&quot;regular&quot;,&quot;module&quot;:&quot;google&quot;}\"><strong>Aceptar es un acto de liderazgo emocional<\/strong><\/span><\/p>\n<p><span class=\"so-premium-web-font\" style=\"font-family: 'Open Sans'; color: #224370;\" data-web-font-module=\"google\" data-font-info=\"{&quot;font&quot;:&quot;Open Sans&quot;,&quot;webfont&quot;:true,&quot;variant&quot;:&quot;regular&quot;,&quot;module&quot;:&quot;google&quot;}\">Mira, en este mundo laboral tan lleno de m\u00e9tricas, de entregables, de eficiencia y de correos urgentes\u2026 alguien tiene que sostener el espacio emocional.<\/span><\/p>\n<p><span class=\"so-premium-web-font\" style=\"font-family: 'Open Sans'; color: #224370;\" data-web-font-module=\"google\" data-font-info=\"{&quot;font&quot;:&quot;Open Sans&quot;,&quot;webfont&quot;:true,&quot;variant&quot;:&quot;regular&quot;,&quot;module&quot;:&quot;google&quot;}\">Ese alguien puedes ser t\u00fa.<\/span><\/p>\n<p><span class=\"so-premium-web-font\" style=\"font-family: 'Open Sans'; color: #224370;\" data-web-font-module=\"google\" data-font-info=\"{&quot;font&quot;:&quot;Open Sans&quot;,&quot;webfont&quot;:true,&quot;variant&quot;:&quot;regular&quot;,&quot;module&quot;:&quot;google&quot;}\">Porque cuando t\u00fa practicas la aceptaci\u00f3n, irradias calma.<\/span><br \/>\n<span class=\"so-premium-web-font\" style=\"font-family: 'Open Sans'; color: #224370;\" data-web-font-module=\"google\" data-font-info=\"{&quot;font&quot;:&quot;Open Sans&quot;,&quot;webfont&quot;:true,&quot;variant&quot;:&quot;regular&quot;,&quot;module&quot;:&quot;google&quot;}\">Y la calma es contagiosa.<\/span><\/p>\n<p><span class=\"so-premium-web-font\" style=\"font-family: 'Open Sans'; color: #224370;\" data-web-font-module=\"google\" data-font-info=\"{&quot;font&quot;:&quot;Open Sans&quot;,&quot;webfont&quot;:true,&quot;variant&quot;:&quot;regular&quot;,&quot;module&quot;:&quot;google&quot;}\">Eso crea seguridad psicol\u00f3gica. Y cuando eso pasa, lo dem\u00e1s empieza a florecer: la innovaci\u00f3n, la colaboraci\u00f3n honesta, las conversaciones inc\u00f3modas que nos hacen crecer.<\/span><\/p>\n<p><span class=\"so-premium-web-font\" style=\"font-family: 'Open Sans'; color: #224370;\" data-web-font-module=\"google\" data-font-info=\"{&quot;font&quot;:&quot;Open Sans&quot;,&quot;webfont&quot;:true,&quot;variant&quot;:&quot;regular&quot;,&quot;module&quot;:&quot;google&quot;}\">Aceptar es liderazgo. No el que grita. El que gu\u00eda desde la conexi\u00f3n.<\/span><\/p>\n<p><span class=\"so-premium-web-font\" style=\"font-family: 'Open Sans'; color: #224370;\" data-web-font-module=\"google\" data-font-info=\"{&quot;font&quot;:&quot;Open Sans&quot;,&quot;webfont&quot;:true,&quot;variant&quot;:&quot;regular&quot;,&quot;module&quot;:&quot;google&quot;}\"><strong>Quisiera dejarte un desaf\u00edo: El Espejo y el Puente<\/strong><\/span><\/p>\n<p><span class=\"so-premium-web-font\" style=\"font-family: 'Open Sans'; color: #224370;\" data-web-font-module=\"google\" data-font-info=\"{&quot;font&quot;:&quot;Open Sans&quot;,&quot;webfont&quot;:true,&quot;variant&quot;:&quot;regular&quot;,&quot;module&quot;:&quot;google&quot;}\">S\u00ed, aqu\u00ed viene la parte pr\u00e1ctica. Y no necesitas ser gur\u00fa de mindfulness ni coach certificado. Solo necesitas presencia.<\/span><\/p>\n<ol>\n<li><span class=\"so-premium-web-font\" style=\"font-family: 'Open Sans'; color: #224370;\" data-web-font-module=\"google\" data-font-info=\"{&quot;font&quot;:&quot;Open Sans&quot;,&quot;webfont&quot;:true,&quot;variant&quot;:&quot;regular&quot;,&quot;module&quot;:&quot;google&quot;}\"><strong> El Espejo:<\/strong><\/span><\/li>\n<\/ol>\n<p><span class=\"so-premium-web-font\" style=\"font-family: 'Open Sans'; color: #224370;\" data-web-font-module=\"google\" data-font-info=\"{&quot;font&quot;:&quot;Open Sans&quot;,&quot;webfont&quot;:true,&quot;variant&quot;:&quot;regular&quot;,&quot;module&quot;:&quot;google&quot;}\">Cada ma\u00f1ana, antes de empezar a trabajar, m\u00edrate 30 segundos al espejo (o a la c\u00e1mara de tu celular, en modo selfie).<\/span><\/p>\n<p><span class=\"so-premium-web-font\" style=\"font-family: 'Open Sans'; color: #224370;\" data-web-font-module=\"google\" data-font-info=\"{&quot;font&quot;:&quot;Open Sans&quot;,&quot;webfont&quot;:true,&quot;variant&quot;:&quot;regular&quot;,&quot;module&quot;:&quot;google&quot;}\">Sin filtros. Sin juicio.<\/span><br \/>\n<span class=\"so-premium-web-font\" style=\"font-family: 'Open Sans'; color: #224370;\" data-web-font-module=\"google\" data-font-info=\"{&quot;font&quot;:&quot;Open Sans&quot;,&quot;webfont&quot;:true,&quot;variant&quot;:&quot;regular&quot;,&quot;module&quot;:&quot;google&quot;}\">Y di en voz alta:<\/span><\/p>\n<p><span class=\"so-premium-web-font\" style=\"font-family: 'Open Sans'; color: #224370;\" data-web-font-module=\"google\" data-font-info=\"{&quot;font&quot;:&quot;Open Sans&quot;,&quot;webfont&quot;:true,&quot;variant&quot;:&quot;regular&quot;,&quot;module&quot;:&quot;google&quot;}\"><strong>\u201cHoy me acepto tal como soy. Estoy en camino, y eso es suficiente.\u201d<\/strong><\/span><\/p>\n<p><span class=\"so-premium-web-font\" style=\"font-family: 'Open Sans'; color: #224370;\" data-web-font-module=\"google\" data-font-info=\"{&quot;font&quot;:&quot;Open Sans&quot;,&quot;webfont&quot;:true,&quot;variant&quot;:&quot;regular&quot;,&quot;module&quot;:&quot;google&quot;}\">No es magia. Pero casi.<\/span><br \/>\n<span class=\"so-premium-web-font\" style=\"font-family: 'Open Sans'; color: #224370;\" data-web-font-module=\"google\" data-font-info=\"{&quot;font&quot;:&quot;Open Sans&quot;,&quot;webfont&quot;:true,&quot;variant&quot;:&quot;regular&quot;,&quot;module&quot;:&quot;google&quot;}\">Porque poco a poco, esta pr\u00e1ctica entrena a tu mente a dejar de atacarte.<\/span><br \/>\n<span class=\"so-premium-web-font\" style=\"font-family: 'Open Sans'; color: #224370;\" data-web-font-module=\"google\" data-font-info=\"{&quot;font&quot;:&quot;Open Sans&quot;,&quot;webfont&quot;:true,&quot;variant&quot;:&quot;regular&quot;,&quot;module&quot;:&quot;google&quot;}\">Y eso cambia todo.<\/span><\/p>\n<ol start=\"2\">\n<li><span class=\"so-premium-web-font\" style=\"font-family: 'Open Sans'; color: #224370;\" data-web-font-module=\"google\" data-font-info=\"{&quot;font&quot;:&quot;Open Sans&quot;,&quot;webfont&quot;:true,&quot;variant&quot;:&quot;regular&quot;,&quot;module&quot;:&quot;google&quot;}\"><strong> El Puente:<\/strong><\/span><\/li>\n<\/ol>\n<p><span class=\"so-premium-web-font\" style=\"font-family: 'Open Sans'; color: #224370;\" data-web-font-module=\"google\" data-font-info=\"{&quot;font&quot;:&quot;Open Sans&quot;,&quot;webfont&quot;:true,&quot;variant&quot;:&quot;regular&quot;,&quot;module&quot;:&quot;google&quot;}\">Elige a alguien con quien hayas tenido fricci\u00f3n, tensi\u00f3n o simplemente mucha distancia.<\/span><\/p>\n<p><span class=\"so-premium-web-font\" style=\"font-family: 'Open Sans'; color: #224370;\" data-web-font-module=\"google\" data-font-info=\"{&quot;font&quot;:&quot;Open Sans&quot;,&quot;webfont&quot;:true,&quot;variant&quot;:&quot;regular&quot;,&quot;module&quot;:&quot;google&quot;}\">Y ac\u00e9rcate. No con una soluci\u00f3n, sino con una intenci\u00f3n.<\/span><\/p>\n<p><span class=\"so-premium-web-font\" style=\"font-family: 'Open Sans'; color: #224370;\" data-web-font-module=\"google\" data-font-info=\"{&quot;font&quot;:&quot;Open Sans&quot;,&quot;webfont&quot;:true,&quot;variant&quot;:&quot;regular&quot;,&quot;module&quot;:&quot;google&quot;}\">Algo as\u00ed como:<\/span><\/p>\n<p><span class=\"so-premium-web-font\" style=\"font-family: 'Open Sans'; color: #224370;\" data-web-font-module=\"google\" data-font-info=\"{&quot;font&quot;:&quot;Open Sans&quot;,&quot;webfont&quot;:true,&quot;variant&quot;:&quot;regular&quot;,&quot;module&quot;:&quot;google&quot;}\"><strong>\u201cSolo quer\u00eda decirte que valoro lo que haces. S\u00e9 que a veces pensamos distinto, pero estoy aqu\u00ed para colaborar contigo.\u201d<\/strong><\/span><\/p>\n<p><span class=\"so-premium-web-font\" style=\"font-family: 'Open Sans'; color: #224370;\" data-web-font-module=\"google\" data-font-info=\"{&quot;font&quot;:&quot;Open Sans&quot;,&quot;webfont&quot;:true,&quot;variant&quot;:&quot;regular&quot;,&quot;module&quot;:&quot;google&quot;}\">No se trata de resolver todo. Se trata de <strong>empezar<\/strong>.<\/span><br \/>\n<span class=\"so-premium-web-font\" style=\"font-family: 'Open Sans'; color: #224370;\" data-web-font-module=\"google\" data-font-info=\"{&quot;font&quot;:&quot;Open Sans&quot;,&quot;webfont&quot;:true,&quot;variant&quot;:&quot;regular&quot;,&quot;module&quot;:&quot;google&quot;}\">Y a veces, eso basta para que el puente empiece a construirse.<\/span><\/p>\n<p><span class=\"so-premium-web-font\" style=\"font-family: 'Open Sans'; color: #224370;\" data-web-font-module=\"google\" data-font-info=\"{&quot;font&quot;:&quot;Open Sans&quot;,&quot;webfont&quot;:true,&quot;variant&quot;:&quot;regular&quot;,&quot;module&quot;:&quot;google&quot;}\">No te estoy diciendo esto para molestarte, te lo digo porque me importas.<\/span><br \/>\n<span class=\"so-premium-web-font\" style=\"font-family: 'Open Sans'; color: #224370;\" data-web-font-module=\"google\" data-font-info=\"{&quot;font&quot;:&quot;Open Sans&quot;,&quot;webfont&quot;:true,&quot;variant&quot;:&quot;regular&quot;,&quot;module&quot;:&quot;google&quot;}\">Porque tu autenticidad puede ser el inicio de una cultura de trabajo mucho m\u00e1s humana.<\/span><br \/>\n<span class=\"so-premium-web-font\" style=\"font-family: 'Open Sans'; color: #224370;\" data-web-font-module=\"google\" data-font-info=\"{&quot;font&quot;:&quot;Open Sans&quot;,&quot;webfont&quot;:true,&quot;variant&quot;:&quot;regular&quot;,&quot;module&quot;:&quot;google&quot;}\">Y porque si t\u00fa no lo haces\u2026 \u00bfentonces qui\u00e9n?<\/span><\/p>\n<p>Nos vemos en la pr\u00f3xima.<br \/>\nY mientras tanto, que tu aceptaci\u00f3n sea tu fuerza.<\/p>\n<\/div>\n<\/div><\/div><\/div><\/div><\/div>","protected":false},"excerpt":{"rendered":"<p>Hoy vamos con un tema que parece suavecito, pero que en realidad tiene el potencial de cambiarlo todo tener una aceptaci\u00f3n afectiva y efectiva en el trabajo. Esto no es solo una estrategia laboral, sino como acto de humanidad. Porque, seamos honestos, \u00bfqui\u00e9n no quiere sentirse aceptado? Comenzamos un lunes como cualquier otro, llegas al &hellip;<\/p>\n","protected":false},"author":1,"featured_media":2080,"comment_status":"open","ping_status":"open","sticky":false,"template":"","format":"standard","meta":{"_acf_changed":false,"footnotes":""},"categories":[11],"tags":[14,17,18,20,19,15,16],"class_list":{"0":"post-2079","1":"post","2":"type-post","3":"status-publish","4":"format-standard","5":"has-post-thumbnail","7":"category-articulos","8":"tag-aceptacion","9":"tag-autenticidad","10":"tag-conexion-humana","11":"tag-cultura-organizacional","12":"tag-inteligencia-emocional","13":"tag-liderazgo-emocional","14":"tag-relaciones-laborales","15":"clearfix","16":"article"},"acf":[],"yoast_head":"<!-- This site is optimized with the Yoast SEO plugin v27.2 - https:\/\/yoast.com\/product\/yoast-seo-wordpress\/ -->\n<title>Aceptaci\u00f3n afectiva y efectiva - CSC<\/title>\n<meta name=\"robots\" content=\"index, follow, max-snippet:-1, max-image-preview:large, max-video-preview:-1\" \/>\n<link rel=\"canonical\" href=\"https:\/\/catalystsystem.net\/sp\/aceptacion-afectiva-y-efectiva\/\" \/>\n<meta property=\"og:locale\" content=\"es_ES\" \/>\n<meta property=\"og:type\" content=\"article\" \/>\n<meta property=\"og:title\" content=\"Aceptaci\u00f3n afectiva y efectiva\" \/>\n<meta property=\"og:description\" content=\"\u00a1Que la aceptaci\u00f3n sea tu fuerza!\" \/>\n<meta property=\"og:url\" content=\"https:\/\/catalystsystem.net\/sp\/aceptacion-afectiva-y-efectiva\/\" \/>\n<meta property=\"og:site_name\" content=\"CSC\" \/>\n<meta property=\"article:published_time\" content=\"2025-10-05T20:09:30+00:00\" \/>\n<meta property=\"og:image\" content=\"https:\/\/catalystsystem.net\/sp\/wp-content\/uploads\/2025\/10\/aceptacion-1024x683.png\" \/>\n\t<meta property=\"og:image:width\" content=\"1024\" \/>\n\t<meta property=\"og:image:height\" content=\"683\" \/>\n\t<meta property=\"og:image:type\" content=\"image\/png\" \/>\n<meta name=\"author\" content=\"csc\" \/>\n<meta name=\"twitter:card\" content=\"summary_large_image\" \/>\n<meta name=\"twitter:title\" content=\"Aceptaci\u00f3n afectiva y efectiva\" \/>\n<meta name=\"twitter:description\" content=\"\u00a1Que la aceptaci\u00f3n sea tu fuerza!\" \/>\n<meta name=\"twitter:image\" content=\"https:\/\/catalystsystem.net\/sp\/wp-content\/uploads\/2025\/10\/aceptacion.png\" \/>\n<meta name=\"twitter:label1\" content=\"Escrito por\" \/>\n\t<meta name=\"twitter:data1\" content=\"csc\" \/>\n\t<meta name=\"twitter:label2\" content=\"Tiempo de lectura\" \/>\n\t<meta name=\"twitter:data2\" content=\"1 minuto\" \/>\n<script type=\"application\/ld+json\" class=\"yoast-schema-graph\">{\"@context\":\"https:\/\/schema.org\",\"@graph\":[{\"@type\":\"Article\",\"@id\":\"https:\/\/catalystsystem.net\/sp\/aceptacion-afectiva-y-efectiva\/#article\",\"isPartOf\":{\"@id\":\"https:\/\/catalystsystem.net\/sp\/aceptacion-afectiva-y-efectiva\/\"},\"author\":{\"name\":\"csc\",\"@id\":\"https:\/\/catalystsystem.net\/sp\/#\/schema\/person\/a80f8d5da9a7dbd4bd3b79d20fe2d15a\"},\"headline\":\"Aceptaci\u00f3n afectiva y efectiva\",\"datePublished\":\"2025-10-05T20:09:30+00:00\",\"mainEntityOfPage\":{\"@id\":\"https:\/\/catalystsystem.net\/sp\/aceptacion-afectiva-y-efectiva\/\"},\"wordCount\":875,\"commentCount\":0,\"image\":{\"@id\":\"https:\/\/catalystsystem.net\/sp\/aceptacion-afectiva-y-efectiva\/#primaryimage\"},\"thumbnailUrl\":\"https:\/\/catalystsystem.net\/sp\/wp-content\/uploads\/2025\/10\/aceptacion.png\",\"keywords\":[\"aceptaci\u00f3n\",\"autenticidad\",\"conexi\u00f3n humana\",\"cultura organizacional\",\"inteligencia emocional\",\"liderazgo emocional\",\"relaciones laborales\"],\"articleSection\":[\"ART\u00cdCULOS\"],\"inLanguage\":\"es\",\"potentialAction\":[{\"@type\":\"CommentAction\",\"name\":\"Comment\",\"target\":[\"https:\/\/catalystsystem.net\/sp\/aceptacion-afectiva-y-efectiva\/#respond\"]}]},{\"@type\":\"WebPage\",\"@id\":\"https:\/\/catalystsystem.net\/sp\/aceptacion-afectiva-y-efectiva\/\",\"url\":\"https:\/\/catalystsystem.net\/sp\/aceptacion-afectiva-y-efectiva\/\",\"name\":\"Aceptaci\u00f3n afectiva y efectiva - CSC\",\"isPartOf\":{\"@id\":\"https:\/\/catalystsystem.net\/sp\/#website\"},\"primaryImageOfPage\":{\"@id\":\"https:\/\/catalystsystem.net\/sp\/aceptacion-afectiva-y-efectiva\/#primaryimage\"},\"image\":{\"@id\":\"https:\/\/catalystsystem.net\/sp\/aceptacion-afectiva-y-efectiva\/#primaryimage\"},\"thumbnailUrl\":\"https:\/\/catalystsystem.net\/sp\/wp-content\/uploads\/2025\/10\/aceptacion.png\",\"datePublished\":\"2025-10-05T20:09:30+00:00\",\"author\":{\"@id\":\"https:\/\/catalystsystem.net\/sp\/#\/schema\/person\/a80f8d5da9a7dbd4bd3b79d20fe2d15a\"},\"breadcrumb\":{\"@id\":\"https:\/\/catalystsystem.net\/sp\/aceptacion-afectiva-y-efectiva\/#breadcrumb\"},\"inLanguage\":\"es\",\"potentialAction\":[{\"@type\":\"ReadAction\",\"target\":[\"https:\/\/catalystsystem.net\/sp\/aceptacion-afectiva-y-efectiva\/\"]}]},{\"@type\":\"ImageObject\",\"inLanguage\":\"es\",\"@id\":\"https:\/\/catalystsystem.net\/sp\/aceptacion-afectiva-y-efectiva\/#primaryimage\",\"url\":\"https:\/\/catalystsystem.net\/sp\/wp-content\/uploads\/2025\/10\/aceptacion.png\",\"contentUrl\":\"https:\/\/catalystsystem.net\/sp\/wp-content\/uploads\/2025\/10\/aceptacion.png\",\"width\":1536,\"height\":1024},{\"@type\":\"BreadcrumbList\",\"@id\":\"https:\/\/catalystsystem.net\/sp\/aceptacion-afectiva-y-efectiva\/#breadcrumb\",\"itemListElement\":[{\"@type\":\"ListItem\",\"position\":1,\"name\":\"Portada\",\"item\":\"https:\/\/catalystsystem.net\/sp\/\"},{\"@type\":\"ListItem\",\"position\":2,\"name\":\"Aceptaci\u00f3n afectiva y efectiva\"}]},{\"@type\":\"WebSite\",\"@id\":\"https:\/\/catalystsystem.net\/sp\/#website\",\"url\":\"https:\/\/catalystsystem.net\/sp\/\",\"name\":\"Catalyst System Consulting\",\"description\":\"Acompa\u00f1ar a l\u00edderes, equipos y organizaciones en el desarrollo de su m\u00e1ximo potencial, integrando coaching, consultor\u00eda, marketing, dise\u00f1o y tecnolog\u00eda\",\"alternateName\":\"CSC\",\"potentialAction\":[{\"@type\":\"SearchAction\",\"target\":{\"@type\":\"EntryPoint\",\"urlTemplate\":\"https:\/\/catalystsystem.net\/sp\/?s={search_term_string}\"},\"query-input\":{\"@type\":\"PropertyValueSpecification\",\"valueRequired\":true,\"valueName\":\"search_term_string\"}}],\"inLanguage\":\"es\"},{\"@type\":\"Person\",\"@id\":\"https:\/\/catalystsystem.net\/sp\/#\/schema\/person\/a80f8d5da9a7dbd4bd3b79d20fe2d15a\",\"name\":\"csc\",\"image\":{\"@type\":\"ImageObject\",\"inLanguage\":\"es\",\"@id\":\"https:\/\/secure.gravatar.com\/avatar\/b9abb5fa033eef859976a782cc4a7c46cf8994b190f82c0daf12406d3a7e8d6b?s=96&d=mm&r=g\",\"url\":\"https:\/\/secure.gravatar.com\/avatar\/b9abb5fa033eef859976a782cc4a7c46cf8994b190f82c0daf12406d3a7e8d6b?s=96&d=mm&r=g\",\"contentUrl\":\"https:\/\/secure.gravatar.com\/avatar\/b9abb5fa033eef859976a782cc4a7c46cf8994b190f82c0daf12406d3a7e8d6b?s=96&d=mm&r=g\",\"caption\":\"csc\"},\"sameAs\":[\"https:\/\/catalystsystem.net\/sp\"],\"url\":\"https:\/\/catalystsystem.net\/sp\/author\/csc\/\"}]}<\/script>\n<!-- \/ Yoast SEO plugin. -->","yoast_head_json":{"title":"Aceptaci\u00f3n afectiva y efectiva - CSC","robots":{"index":"index","follow":"follow","max-snippet":"max-snippet:-1","max-image-preview":"max-image-preview:large","max-video-preview":"max-video-preview:-1"},"canonical":"https:\/\/catalystsystem.net\/sp\/aceptacion-afectiva-y-efectiva\/","og_locale":"es_ES","og_type":"article","og_title":"Aceptaci\u00f3n afectiva y efectiva","og_description":"\u00a1Que la aceptaci\u00f3n sea tu fuerza!","og_url":"https:\/\/catalystsystem.net\/sp\/aceptacion-afectiva-y-efectiva\/","og_site_name":"CSC","article_published_time":"2025-10-05T20:09:30+00:00","og_image":[{"width":1024,"height":683,"url":"https:\/\/catalystsystem.net\/sp\/wp-content\/uploads\/2025\/10\/aceptacion-1024x683.png","type":"image\/png"}],"author":"csc","twitter_card":"summary_large_image","twitter_title":"Aceptaci\u00f3n afectiva y efectiva","twitter_description":"\u00a1Que la aceptaci\u00f3n sea tu fuerza!","twitter_image":"https:\/\/catalystsystem.net\/sp\/wp-content\/uploads\/2025\/10\/aceptacion.png","twitter_misc":{"Escrito por":"csc","Tiempo de lectura":"1 minuto"},"schema":{"@context":"https:\/\/schema.org","@graph":[{"@type":"Article","@id":"https:\/\/catalystsystem.net\/sp\/aceptacion-afectiva-y-efectiva\/#article","isPartOf":{"@id":"https:\/\/catalystsystem.net\/sp\/aceptacion-afectiva-y-efectiva\/"},"author":{"name":"csc","@id":"https:\/\/catalystsystem.net\/sp\/#\/schema\/person\/a80f8d5da9a7dbd4bd3b79d20fe2d15a"},"headline":"Aceptaci\u00f3n afectiva y efectiva","datePublished":"2025-10-05T20:09:30+00:00","mainEntityOfPage":{"@id":"https:\/\/catalystsystem.net\/sp\/aceptacion-afectiva-y-efectiva\/"},"wordCount":875,"commentCount":0,"image":{"@id":"https:\/\/catalystsystem.net\/sp\/aceptacion-afectiva-y-efectiva\/#primaryimage"},"thumbnailUrl":"https:\/\/catalystsystem.net\/sp\/wp-content\/uploads\/2025\/10\/aceptacion.png","keywords":["aceptaci\u00f3n","autenticidad","conexi\u00f3n humana","cultura organizacional","inteligencia emocional","liderazgo emocional","relaciones laborales"],"articleSection":["ART\u00cdCULOS"],"inLanguage":"es","potentialAction":[{"@type":"CommentAction","name":"Comment","target":["https:\/\/catalystsystem.net\/sp\/aceptacion-afectiva-y-efectiva\/#respond"]}]},{"@type":"WebPage","@id":"https:\/\/catalystsystem.net\/sp\/aceptacion-afectiva-y-efectiva\/","url":"https:\/\/catalystsystem.net\/sp\/aceptacion-afectiva-y-efectiva\/","name":"Aceptaci\u00f3n afectiva y efectiva - CSC","isPartOf":{"@id":"https:\/\/catalystsystem.net\/sp\/#website"},"primaryImageOfPage":{"@id":"https:\/\/catalystsystem.net\/sp\/aceptacion-afectiva-y-efectiva\/#primaryimage"},"image":{"@id":"https:\/\/catalystsystem.net\/sp\/aceptacion-afectiva-y-efectiva\/#primaryimage"},"thumbnailUrl":"https:\/\/catalystsystem.net\/sp\/wp-content\/uploads\/2025\/10\/aceptacion.png","datePublished":"2025-10-05T20:09:30+00:00","author":{"@id":"https:\/\/catalystsystem.net\/sp\/#\/schema\/person\/a80f8d5da9a7dbd4bd3b79d20fe2d15a"},"breadcrumb":{"@id":"https:\/\/catalystsystem.net\/sp\/aceptacion-afectiva-y-efectiva\/#breadcrumb"},"inLanguage":"es","potentialAction":[{"@type":"ReadAction","target":["https:\/\/catalystsystem.net\/sp\/aceptacion-afectiva-y-efectiva\/"]}]},{"@type":"ImageObject","inLanguage":"es","@id":"https:\/\/catalystsystem.net\/sp\/aceptacion-afectiva-y-efectiva\/#primaryimage","url":"https:\/\/catalystsystem.net\/sp\/wp-content\/uploads\/2025\/10\/aceptacion.png","contentUrl":"https:\/\/catalystsystem.net\/sp\/wp-content\/uploads\/2025\/10\/aceptacion.png","width":1536,"height":1024},{"@type":"BreadcrumbList","@id":"https:\/\/catalystsystem.net\/sp\/aceptacion-afectiva-y-efectiva\/#breadcrumb","itemListElement":[{"@type":"ListItem","position":1,"name":"Portada","item":"https:\/\/catalystsystem.net\/sp\/"},{"@type":"ListItem","position":2,"name":"Aceptaci\u00f3n afectiva y efectiva"}]},{"@type":"WebSite","@id":"https:\/\/catalystsystem.net\/sp\/#website","url":"https:\/\/catalystsystem.net\/sp\/","name":"Catalyst System Consulting","description":"Acompa\u00f1ar a l\u00edderes, equipos y organizaciones en el desarrollo de su m\u00e1ximo potencial, integrando coaching, consultor\u00eda, marketing, dise\u00f1o y tecnolog\u00eda","alternateName":"CSC","potentialAction":[{"@type":"SearchAction","target":{"@type":"EntryPoint","urlTemplate":"https:\/\/catalystsystem.net\/sp\/?s={search_term_string}"},"query-input":{"@type":"PropertyValueSpecification","valueRequired":true,"valueName":"search_term_string"}}],"inLanguage":"es"},{"@type":"Person","@id":"https:\/\/catalystsystem.net\/sp\/#\/schema\/person\/a80f8d5da9a7dbd4bd3b79d20fe2d15a","name":"csc","image":{"@type":"ImageObject","inLanguage":"es","@id":"https:\/\/secure.gravatar.com\/avatar\/b9abb5fa033eef859976a782cc4a7c46cf8994b190f82c0daf12406d3a7e8d6b?s=96&d=mm&r=g","url":"https:\/\/secure.gravatar.com\/avatar\/b9abb5fa033eef859976a782cc4a7c46cf8994b190f82c0daf12406d3a7e8d6b?s=96&d=mm&r=g","contentUrl":"https:\/\/secure.gravatar.com\/avatar\/b9abb5fa033eef859976a782cc4a7c46cf8994b190f82c0daf12406d3a7e8d6b?s=96&d=mm&r=g","caption":"csc"},"sameAs":["https:\/\/catalystsystem.net\/sp"],"url":"https:\/\/catalystsystem.net\/sp\/author\/csc\/"}]}},"_links":{"self":[{"href":"https:\/\/catalystsystem.net\/sp\/wp-json\/wp\/v2\/posts\/2079","targetHints":{"allow":["GET"]}}],"collection":[{"href":"https:\/\/catalystsystem.net\/sp\/wp-json\/wp\/v2\/posts"}],"about":[{"href":"https:\/\/catalystsystem.net\/sp\/wp-json\/wp\/v2\/types\/post"}],"author":[{"embeddable":true,"href":"https:\/\/catalystsystem.net\/sp\/wp-json\/wp\/v2\/users\/1"}],"replies":[{"embeddable":true,"href":"https:\/\/catalystsystem.net\/sp\/wp-json\/wp\/v2\/comments?post=2079"}],"version-history":[{"count":1,"href":"https:\/\/catalystsystem.net\/sp\/wp-json\/wp\/v2\/posts\/2079\/revisions"}],"predecessor-version":[{"id":2081,"href":"https:\/\/catalystsystem.net\/sp\/wp-json\/wp\/v2\/posts\/2079\/revisions\/2081"}],"wp:featuredmedia":[{"embeddable":true,"href":"https:\/\/catalystsystem.net\/sp\/wp-json\/wp\/v2\/media\/2080"}],"wp:attachment":[{"href":"https:\/\/catalystsystem.net\/sp\/wp-json\/wp\/v2\/media?parent=2079"}],"wp:term":[{"taxonomy":"category","embeddable":true,"href":"https:\/\/catalystsystem.net\/sp\/wp-json\/wp\/v2\/categories?post=2079"},{"taxonomy":"post_tag","embeddable":true,"href":"https:\/\/catalystsystem.net\/sp\/wp-json\/wp\/v2\/tags?post=2079"}],"curies":[{"name":"wp","href":"https:\/\/api.w.org\/{rel}","templated":true}]}}